{"id":1035,"date":"2020-10-13T06:35:20","date_gmt":"2020-10-13T06:35:20","guid":{"rendered":"https:\/\/freeman-freeman.com\/?p=1035"},"modified":"2024-02-09T07:24:09","modified_gmt":"2024-02-09T07:24:09","slug":"el-conductor-de-refuerzo-de-uber-imputado-en-el-accidente-mortal-de-un-vehiculo-autonomo","status":"publish","type":"post","link":"https:\/\/freeman-freeman.com\/es\/blog\/uber-backup-driver-charged-in-fatal-autonomous-vehicle-crash\/","title":{"rendered":"Imputado un conductor de apoyo de Uber por el accidente mortal de un veh\u00edculo aut\u00f3nomo"},"content":{"rendered":"<p>El 27 de agosto de 2018 se produjo la primera v\u00edctima mortal de un veh\u00edculo de conducci\u00f3n aut\u00f3noma en Tempe, Arizona. M\u00e1s de dos a\u00f1os despu\u00e9s, Rafaela V\u00e1squez, la conductora de apoyo de Uber que estaba supervisando el veh\u00edculo aut\u00f3nomo en el momento del accidente, ha sido acusada de homicidio por negligencia. Se la acusa de estar distra\u00edda y no vigilar la seguridad del veh\u00edculo Uber, lo que provoc\u00f3 la muerte de Elaine Herzberg, de 49 a\u00f1os, de Phoenix (Arizona).<\/p>\n<h2>Una conductora de Uber afirma que no us\u00f3 el m\u00f3vil<\/h2>\n<p><a role=\"link\" href=\"https:\/\/abcnews.go.com\/Technology\/wireStory\/backup-driver-fatal-arizona-uber-autonomous-crash-charged-73032691\" target=\"_blank\" rel=\"noopener noreferrer\" data-wpel-link=\"external\">El conductor de Uber V\u00e1squez, de 46 a\u00f1os, se declara inocente<\/a> en una vista celebrada el 15 de septiembre de 2020. Dijo a los investigadores que no estaba usando el m\u00f3vil antes del accidente. Sin embargo, seg\u00fan la Junta Nacional de Seguridad en el Transporte, estaba viendo \"The Voice\" en su m\u00f3vil en el momento del accidente y no vigil\u00f3 la carretera. Como resultado, el Uber SUV aut\u00f3nomo golpe\u00f3 y mat\u00f3 a Hertzberg.<\/p>\n<p>La Junta Nacional de Seguridad en el Transporte tambi\u00e9n cit\u00f3 varios factores que contribuyeron al accidente. Entre ellos:<\/p>\n<ul>\n<li>Procedimientos de seguridad inadecuados de Uber<\/li>\n<li>La ineficaz supervisi\u00f3n de los conductores de Uber<\/li>\n<li>La v\u00edctima est\u00e1 fuera del paso de peatones<\/li>\n<li>La falta de supervisi\u00f3n de los veh\u00edculos aut\u00f3nomos y las pruebas por parte del Departamento de Transporte de Arizona<\/li>\n<\/ul>\n<p>Adem\u00e1s, seg\u00fan la NTSB, la decisi\u00f3n de Uber de desactivar su sistema autom\u00e1tico de frenado de emergencia y recurrir en su lugar a conductores humanos de refuerzo fue un factor que contribuy\u00f3 al accidente.<\/p>\n<h2>Detalles del accidente del veh\u00edculo Uber<\/h2>\n<p>El sistema de Uber detect\u00f3 a Herzberg 5,6 segundos antes de que fuera atropellada. Sin embargo, no determin\u00f3 si se trataba de un peat\u00f3n, un ciclista o un objeto desconocido. Tampoco detect\u00f3 que se dirig\u00eda a la trayectoria del veh\u00edculo.<\/p>\n<p>Seg\u00fan los registros judiciales, V\u00e1squez tiene antecedentes penales, ya que ha pasado cuatro a\u00f1os en prisi\u00f3n. Esto fue por hacer declaraciones falsas para obtener beneficios de desempleo, e intento de robo a mano armada, ambas condenas por delitos graves.  Seg\u00fan un informe toxicol\u00f3gico, Herzberg ten\u00eda metanfetamina en su organismo.<\/p>\n<h2>Uber no fue acusado penalmente<\/h2>\n<p>En marzo de 2019, los fiscales declinaron presentar cargos penales contra la corporaci\u00f3n de viajes compartidos Uber en el asunto de la muerte de Herzberg. Esta decisi\u00f3n fue tomada por la fiscal del condado de Yavapai, Sheila Polk. La oficina del fiscal en Phoenix declin\u00f3 involucrarse en el caso, citando un posible conflicto de intereses. Anteriormente hab\u00eda participado en una campa\u00f1a de seguridad p\u00fablica de Uber.<\/p>\n<p>Tras la decisi\u00f3n de no acusar penalmente a la empresa Uber, el caso se devolvi\u00f3 a la fiscal\u00eda de Phoenix, ya que la falta de acusaci\u00f3n eliminaba la posibilidad de conflicto de intereses.<\/p>\n<h2>Retirada de los veh\u00edculos aut\u00f3nomos de Uber tras un accidente mortal<\/h2>\n<p>El gobernador de Arizona, Doug Ducey, ha prohibido a Uber continuar sus pruebas despu\u00e9s de que el todoterreno atropellara a Herzberg.  Uber retir\u00f3 sus coches aut\u00f3nomos de Arizona el d\u00eda antes de que la NTSB emitiera su primer informe sobre el accidente. Esto elimin\u00f3 unos 300 puestos de trabajo en Arizona para conductores de refuerzo de Uber y otros en el programa de pruebas de veh\u00edculos aut\u00f3nomos.<\/p>\n<p>El juicio en el que V\u00e1squez se enfrentar\u00e1 a los cargos de homicidio por negligencia est\u00e1 previsto para el 11 de febrero de 2021.<\/p>\n<h2>Contin\u00faan las investigaciones y pruebas sobre veh\u00edculos autoconducidos<\/h2>\n<p>Aunque el accidente tuvo un gran impacto en los sectores del autom\u00f3vil y el transporte compartido, Uber y Lyft siguen investigando y desarrollando veh\u00edculos aut\u00f3nomos. En Palo Alto, California, <a role=\"link\" href=\"https:\/\/www.cnbc.com\/2019\/11\/05\/lyft-is-developing-self-driving-cars-at-its-level-5-lab-in-palo-alto.html\" target=\"_blank\" rel=\"noopener noreferrer\" data-wpel-link=\"external\">Lyft cuenta con un laboratorio de desarrollo de coches aut\u00f3nomos<\/a> con m\u00e1s de 400 ingenieros.  En lugar de desarrollar un coche autoconducido desde cero, est\u00e1 desarrollando sistemas que se a\u00f1aden a los veh\u00edculos existentes para que act\u00faen como \"cerebros\".<\/p>\n<p>Desde finales de 2019, Lyft ha a\u00f1adido estos sistemas a Ford Fusions y Chrysler Pacificas. Cuenta con un permiso especial de Palo Alto para probar estos veh\u00edculos aut\u00f3nomos, con conductores humanos de seguridad en los coches, en una zona muy limitada.<\/p>\n<p>Para saber qu\u00e9 hacer <a role=\"link\" href=\"https:\/\/freeman-freeman.com\/es\/woodland-hills-rideshare-accidente-abogado\/\" data-wpel-link=\"internal\">si te ves implicado en un accidente de coche compartido<\/a> o lesiones, <a role=\"link\" href=\"https:\/\/freeman-freeman.com\/es\/pongase-en-contacto-con\/\" data-wpel-link=\"internal\">p\u00f3ngase en contacto con nosotros<\/a>.<\/p>","protected":false},"excerpt":{"rendered":"<p>On August 27, 2018, the first self-driving vehicle fatality occurred in Tempe, Arizona. More than two years later, Rafaela Vasquez, the backup Uber driver who was monitoring the autonomous vehicle at the time of the crash, has been charged with negligent homicide. She is accused of being distracted and failing to monitor the safety of &hellip; <\/p>\n<p class=\"link-more\"><a href=\"https:\/\/freeman-freeman.com\/es\/blog\/uber-backup-driver-charged-in-fatal-autonomous-vehicle-crash\/\" class=\"more-link\">Seguir leyendo<span class=\"screen-reader-text\"> &#8220;Uber Backup Driver Charged in Fatal Autonomous Vehicle Crash&#8221;<\/span><\/a><\/p>","protected":false},"author":1,"featured_media":1043,"comment_status":"open","ping_status":"open","sticky":false,"template":"","format":"standard","meta":{"_acf_changed":false,"footnotes":""},"categories":[1],"tags":[],"class_list":["post-1035","post","type-post","status-publish","format-standard","has-post-thumbnail","hentry","category-news","entry"],"acf":[],"yoast_head":"<!-- This site is optimized with the Yoast SEO plugin v27.5 - https:\/\/yoast.com\/product\/yoast-seo-wordpress\/ -->\n<title>Uber Backup Driver Charged in Fatal Autonomous Vehicle Crash<\/title>\n<meta name=\"description\" content=\"On August 27, 2018, the first self-driving vehicle fatality occurred in Tempe, Arizona. More than two years later, Rafaela Vasquez, the backup Uber driver who was monitoring the autonomous vehicle at the time of the crash, has been charged with negligent homicide. She is accused of being distracted and failing to monitor the safety of\" \/>\n<meta name=\"robots\" content=\"index, follow, max-snippet:-1, max-image-preview:large, max-video-preview:-1\" \/>\n<link rel=\"canonical\" href=\"https:\/\/freeman-freeman.com\/es\/blog\/el-conductor-de-refuerzo-de-uber-imputado-en-el-accidente-mortal-de-un-vehiculo-autonomo\/\" \/>\n<meta property=\"og:locale\" content=\"es_MX\" \/>\n<meta property=\"og:type\" content=\"article\" \/>\n<meta property=\"og:title\" content=\"Uber Backup Driver Charged in Fatal Autonomous Vehicle Crash\" \/>\n<meta property=\"og:description\" content=\"On August 27, 2018, the first self-driving vehicle fatality occurred in Tempe, Arizona. More than two years later, Rafaela Vasquez, the backup Uber driver who was monitoring the autonomous vehicle at the time of the crash, has been charged with negligent homicide. She is accused of being distracted and failing to monitor the safety of\" \/>\n<meta property=\"og:url\" content=\"https:\/\/freeman-freeman.com\/es\/blog\/el-conductor-de-refuerzo-de-uber-imputado-en-el-accidente-mortal-de-un-vehiculo-autonomo\/\" \/>\n<meta property=\"og:site_name\" content=\"Freeman &amp; Freeman, LLP\" \/>\n<meta property=\"article:publisher\" content=\"https:\/\/www.facebook.com\/FreemanFreemanLaw\" \/>\n<meta property=\"article:author\" content=\"https:\/\/www.avvo.com\/attorneys\/91367-ca-stanley-freeman-315310.html\" \/>\n<meta property=\"article:published_time\" content=\"2020-10-13T06:35:20+00:00\" \/>\n<meta property=\"article:modified_time\" content=\"2024-02-09T07:24:09+00:00\" \/>\n<meta property=\"og:image\" content=\"https:\/\/freeman-freeman.com\/wp-content\/uploads\/2020\/10\/iStock-1171076788-vehicle-chalk-drawing.webp\" \/>\n\t<meta property=\"og:image:width\" content=\"700\" \/>\n\t<meta property=\"og:image:height\" content=\"467\" \/>\n\t<meta property=\"og:image:type\" content=\"image\/webp\" \/>\n<meta name=\"author\" content=\"Stan H. Freeman\" \/>\n<meta name=\"twitter:card\" content=\"summary_large_image\" \/>\n<meta name=\"twitter:creator\" content=\"@FreemanFreeman1\" \/>\n<meta name=\"twitter:site\" content=\"@FreemanFreeman1\" \/>\n<meta name=\"twitter:label1\" content=\"Escrito por\" \/>\n\t<meta name=\"twitter:data1\" content=\"Stan H. Freeman\" \/>\n\t<meta name=\"twitter:label2\" content=\"Tiempo de lectura\" \/>\n\t<meta name=\"twitter:data2\" content=\"3 minutos\" \/>\n<script type=\"application\/ld+json\" class=\"yoast-schema-graph\">{\"@context\":\"https:\\\/\\\/schema.org\",\"@graph\":[{\"@type\":\"Article\",\"@id\":\"https:\\\/\\\/freeman-freeman.com\\\/blog\\\/uber-backup-driver-charged-in-fatal-autonomous-vehicle-crash\\\/#article\",\"isPartOf\":{\"@id\":\"https:\\\/\\\/freeman-freeman.com\\\/blog\\\/uber-backup-driver-charged-in-fatal-autonomous-vehicle-crash\\\/\"},\"author\":{\"name\":\"Stan H. Freeman\",\"@id\":\"https:\\\/\\\/freeman-freeman.com\\\/#\\\/schema\\\/person\\\/ae745f3991c4106b46c1f1742b117549\"},\"headline\":\"Uber Backup Driver Charged in Fatal Autonomous Vehicle Crash\",\"datePublished\":\"2020-10-13T06:35:20+00:00\",\"dateModified\":\"2024-02-09T07:24:09+00:00\",\"mainEntityOfPage\":{\"@id\":\"https:\\\/\\\/freeman-freeman.com\\\/blog\\\/uber-backup-driver-charged-in-fatal-autonomous-vehicle-crash\\\/\"},\"wordCount\":617,\"commentCount\":0,\"publisher\":{\"@id\":\"https:\\\/\\\/freeman-freeman.com\\\/#organization\"},\"image\":{\"@id\":\"https:\\\/\\\/freeman-freeman.com\\\/blog\\\/uber-backup-driver-charged-in-fatal-autonomous-vehicle-crash\\\/#primaryimage\"},\"thumbnailUrl\":\"https:\\\/\\\/freeman-freeman.com\\\/wp-content\\\/uploads\\\/2020\\\/10\\\/iStock-1171076788-vehicle-chalk-drawing.webp\",\"articleSection\":[\"News\"],\"inLanguage\":\"es\",\"potentialAction\":[{\"@type\":\"CommentAction\",\"name\":\"Comment\",\"target\":[\"https:\\\/\\\/freeman-freeman.com\\\/blog\\\/uber-backup-driver-charged-in-fatal-autonomous-vehicle-crash\\\/#respond\"]}]},{\"@type\":\"WebPage\",\"@id\":\"https:\\\/\\\/freeman-freeman.com\\\/blog\\\/uber-backup-driver-charged-in-fatal-autonomous-vehicle-crash\\\/\",\"url\":\"https:\\\/\\\/freeman-freeman.com\\\/blog\\\/uber-backup-driver-charged-in-fatal-autonomous-vehicle-crash\\\/\",\"name\":\"Uber Backup Driver Charged in Fatal Autonomous Vehicle Crash\",\"isPartOf\":{\"@id\":\"https:\\\/\\\/freeman-freeman.com\\\/#website\"},\"primaryImageOfPage\":{\"@id\":\"https:\\\/\\\/freeman-freeman.com\\\/blog\\\/uber-backup-driver-charged-in-fatal-autonomous-vehicle-crash\\\/#primaryimage\"},\"image\":{\"@id\":\"https:\\\/\\\/freeman-freeman.com\\\/blog\\\/uber-backup-driver-charged-in-fatal-autonomous-vehicle-crash\\\/#primaryimage\"},\"thumbnailUrl\":\"https:\\\/\\\/freeman-freeman.com\\\/wp-content\\\/uploads\\\/2020\\\/10\\\/iStock-1171076788-vehicle-chalk-drawing.webp\",\"datePublished\":\"2020-10-13T06:35:20+00:00\",\"dateModified\":\"2024-02-09T07:24:09+00:00\",\"description\":\"On August 27, 2018, the first self-driving vehicle fatality occurred in Tempe, Arizona. More than two years later, Rafaela Vasquez, the backup Uber driver who was monitoring the autonomous vehicle at the time of the crash, has been charged with negligent homicide. She is accused of being distracted and failing to monitor the safety of\",\"inLanguage\":\"es\",\"potentialAction\":[{\"@type\":\"ReadAction\",\"target\":[\"https:\\\/\\\/freeman-freeman.com\\\/blog\\\/uber-backup-driver-charged-in-fatal-autonomous-vehicle-crash\\\/\"]}]},{\"@type\":\"ImageObject\",\"inLanguage\":\"es\",\"@id\":\"https:\\\/\\\/freeman-freeman.com\\\/blog\\\/uber-backup-driver-charged-in-fatal-autonomous-vehicle-crash\\\/#primaryimage\",\"url\":\"https:\\\/\\\/freeman-freeman.com\\\/wp-content\\\/uploads\\\/2020\\\/10\\\/iStock-1171076788-vehicle-chalk-drawing.webp\",\"contentUrl\":\"https:\\\/\\\/freeman-freeman.com\\\/wp-content\\\/uploads\\\/2020\\\/10\\\/iStock-1171076788-vehicle-chalk-drawing.webp\",\"width\":700,\"height\":467},{\"@type\":\"WebSite\",\"@id\":\"https:\\\/\\\/freeman-freeman.com\\\/#website\",\"url\":\"https:\\\/\\\/freeman-freeman.com\\\/\",\"name\":\"Freeman &amp; Freeman, LLP\",\"description\":\"\",\"publisher\":{\"@id\":\"https:\\\/\\\/freeman-freeman.com\\\/#organization\"},\"potentialAction\":[{\"@type\":\"SearchAction\",\"target\":{\"@type\":\"EntryPoint\",\"urlTemplate\":\"https:\\\/\\\/freeman-freeman.com\\\/?s={search_term_string}\"},\"query-input\":{\"@type\":\"PropertyValueSpecification\",\"valueRequired\":true,\"valueName\":\"search_term_string\"}}],\"inLanguage\":\"es\"},{\"@type\":\"Organization\",\"@id\":\"https:\\\/\\\/freeman-freeman.com\\\/#organization\",\"name\":\"Freeman & Freeman, LLP\",\"url\":\"https:\\\/\\\/freeman-freeman.com\\\/\",\"logo\":{\"@type\":\"ImageObject\",\"inLanguage\":\"es\",\"@id\":\"https:\\\/\\\/freeman-freeman.com\\\/#\\\/schema\\\/logo\\\/image\\\/\",\"url\":\"https:\\\/\\\/freeman-freeman.com\\\/wp-content\\\/uploads\\\/2024\\\/01\\\/logo.jpg\",\"contentUrl\":\"https:\\\/\\\/freeman-freeman.com\\\/wp-content\\\/uploads\\\/2024\\\/01\\\/logo.jpg\",\"width\":674,\"height\":104,\"caption\":\"Freeman & Freeman, LLP\"},\"image\":{\"@id\":\"https:\\\/\\\/freeman-freeman.com\\\/#\\\/schema\\\/logo\\\/image\\\/\"},\"sameAs\":[\"https:\\\/\\\/www.facebook.com\\\/FreemanFreemanLaw\",\"https:\\\/\\\/x.com\\\/FreemanFreeman1\",\"https:\\\/\\\/www.linkedin.com\\\/company\\\/freeman-freeman-llp\"]},{\"@type\":\"Person\",\"@id\":\"https:\\\/\\\/freeman-freeman.com\\\/#\\\/schema\\\/person\\\/ae745f3991c4106b46c1f1742b117549\",\"name\":\"Stan H. Freeman\",\"image\":{\"@type\":\"ImageObject\",\"inLanguage\":\"es\",\"@id\":\"https:\\\/\\\/secure.gravatar.com\\\/avatar\\\/541b0865d38c48d039c25e0dcabc7914e9de423e4bf283b105f0255dde8ff361?s=96&d=mm&r=g\",\"url\":\"https:\\\/\\\/secure.gravatar.com\\\/avatar\\\/541b0865d38c48d039c25e0dcabc7914e9de423e4bf283b105f0255dde8ff361?s=96&d=mm&r=g\",\"contentUrl\":\"https:\\\/\\\/secure.gravatar.com\\\/avatar\\\/541b0865d38c48d039c25e0dcabc7914e9de423e4bf283b105f0255dde8ff361?s=96&d=mm&r=g\",\"caption\":\"Stan H. Freeman\"},\"description\":\"Stan H. Freeman is a partner at Freeman &amp; Freeman, LLP in Woodland Hills, California, where he has practiced personal injury law for more than four decades. He has been a partner with the firm since 1980. Mr. Freeman was admitted to the State Bar of California in 1975 after earning his Juris Doctor from Southwestern University School of Law. He focuses on representing injured individuals and brings long-standing experience and steady judgment to personal injury matters.\",\"sameAs\":[\"https:\\\/\\\/freeman-freeman.com\\\/about\\\/freeman-stan-h\\\/\",\"https:\\\/\\\/www.avvo.com\\\/attorneys\\\/91367-ca-stanley-freeman-315310.html\",\"https:\\\/\\\/www.experience.com\\\/reviews\\\/stanley-18227356\",\"https:\\\/\\\/www.martindale.com\\\/attorney\\\/stanley-hal-freeman-286533\\\/\",\"https:\\\/\\\/apps.calbar.ca.gov\\\/attorney\\\/Licensee\\\/Detail\\\/65760\",\"https:\\\/\\\/profiles.superlawyers.com\\\/california\\\/woodland-hills\\\/lawyer\\\/stan-h-freeman\\\/6f18c3c1-3ae6-4d1c-beb2-08e14c97d73a.html#:~:text=AttorneyStanH.,bicyclepedestrianandbusaccidents.\",\"https:\\\/\\\/lawlink.com\\\/profile\\\/11228\\\/stan-h-freeman\",\"https:\\\/\\\/lawyers.findlaw.com\\\/profile\\\/view\\\/3659872_1\",\"https:\\\/\\\/www.hg.org\\\/lawyer\\\/stan-freeman\\\/111598\",\"https:\\\/\\\/california.statelawyers.com\\\/Lawyer\\\/Profile.cfm?AttorneyID=75734\"],\"url\":\"https:\\\/\\\/freeman-freeman.com\\\/es\\\/blog\\\/author\\\/stan-h-freeman\\\/\"}]}<\/script>\n<!-- \/ Yoast SEO plugin. -->","yoast_head_json":{"title":"Imputado un conductor de apoyo de Uber por el accidente mortal de un veh\u00edculo aut\u00f3nomo","description":"El 27 de agosto de 2018 se produjo la primera v\u00edctima mortal de un veh\u00edculo de conducci\u00f3n aut\u00f3noma en Tempe, Arizona. M\u00e1s de dos a\u00f1os despu\u00e9s, Rafaela V\u00e1squez, la conductora de Uber de refuerzo que estaba supervisando el veh\u00edculo aut\u00f3nomo en el momento del accidente, ha sido acusada de homicidio por negligencia. Se la acusa de estar distra\u00edda y no vigilar la seguridad de","robots":{"index":"index","follow":"follow","max-snippet":"max-snippet:-1","max-image-preview":"max-image-preview:large","max-video-preview":"max-video-preview:-1"},"canonical":"https:\/\/freeman-freeman.com\/es\/blog\/el-conductor-de-refuerzo-de-uber-imputado-en-el-accidente-mortal-de-un-vehiculo-autonomo\/","og_locale":"es_MX","og_type":"article","og_title":"Uber Backup Driver Charged in Fatal Autonomous Vehicle Crash","og_description":"On August 27, 2018, the first self-driving vehicle fatality occurred in Tempe, Arizona. More than two years later, Rafaela Vasquez, the backup Uber driver who was monitoring the autonomous vehicle at the time of the crash, has been charged with negligent homicide. She is accused of being distracted and failing to monitor the safety of","og_url":"https:\/\/freeman-freeman.com\/es\/blog\/el-conductor-de-refuerzo-de-uber-imputado-en-el-accidente-mortal-de-un-vehiculo-autonomo\/","og_site_name":"Freeman &amp; Freeman, LLP","article_publisher":"https:\/\/www.facebook.com\/FreemanFreemanLaw","article_author":"https:\/\/www.avvo.com\/attorneys\/91367-ca-stanley-freeman-315310.html","article_published_time":"2020-10-13T06:35:20+00:00","article_modified_time":"2024-02-09T07:24:09+00:00","og_image":[{"width":700,"height":467,"url":"https:\/\/freeman-freeman.com\/wp-content\/uploads\/2020\/10\/iStock-1171076788-vehicle-chalk-drawing.webp","type":"image\/webp"}],"author":"Stan H. Freeman","twitter_card":"summary_large_image","twitter_creator":"@FreemanFreeman1","twitter_site":"@FreemanFreeman1","twitter_misc":{"Escrito por":"Stan H. Freeman","Tiempo de lectura":"3 minutos"},"schema":{"@context":"https:\/\/schema.org","@graph":[{"@type":"Article","@id":"https:\/\/freeman-freeman.com\/blog\/uber-backup-driver-charged-in-fatal-autonomous-vehicle-crash\/#article","isPartOf":{"@id":"https:\/\/freeman-freeman.com\/blog\/uber-backup-driver-charged-in-fatal-autonomous-vehicle-crash\/"},"author":{"name":"Stan H. Freeman","@id":"https:\/\/freeman-freeman.com\/#\/schema\/person\/ae745f3991c4106b46c1f1742b117549"},"headline":"Uber Backup Driver Charged in Fatal Autonomous Vehicle Crash","datePublished":"2020-10-13T06:35:20+00:00","dateModified":"2024-02-09T07:24:09+00:00","mainEntityOfPage":{"@id":"https:\/\/freeman-freeman.com\/blog\/uber-backup-driver-charged-in-fatal-autonomous-vehicle-crash\/"},"wordCount":617,"commentCount":0,"publisher":{"@id":"https:\/\/freeman-freeman.com\/#organization"},"image":{"@id":"https:\/\/freeman-freeman.com\/blog\/uber-backup-driver-charged-in-fatal-autonomous-vehicle-crash\/#primaryimage"},"thumbnailUrl":"https:\/\/freeman-freeman.com\/wp-content\/uploads\/2020\/10\/iStock-1171076788-vehicle-chalk-drawing.webp","articleSection":["News"],"inLanguage":"es","potentialAction":[{"@type":"CommentAction","name":"Comment","target":["https:\/\/freeman-freeman.com\/blog\/uber-backup-driver-charged-in-fatal-autonomous-vehicle-crash\/#respond"]}]},{"@type":"WebPage","@id":"https:\/\/freeman-freeman.com\/blog\/uber-backup-driver-charged-in-fatal-autonomous-vehicle-crash\/","url":"https:\/\/freeman-freeman.com\/blog\/uber-backup-driver-charged-in-fatal-autonomous-vehicle-crash\/","name":"Imputado un conductor de apoyo de Uber por el accidente mortal de un veh\u00edculo aut\u00f3nomo","isPartOf":{"@id":"https:\/\/freeman-freeman.com\/#website"},"primaryImageOfPage":{"@id":"https:\/\/freeman-freeman.com\/blog\/uber-backup-driver-charged-in-fatal-autonomous-vehicle-crash\/#primaryimage"},"image":{"@id":"https:\/\/freeman-freeman.com\/blog\/uber-backup-driver-charged-in-fatal-autonomous-vehicle-crash\/#primaryimage"},"thumbnailUrl":"https:\/\/freeman-freeman.com\/wp-content\/uploads\/2020\/10\/iStock-1171076788-vehicle-chalk-drawing.webp","datePublished":"2020-10-13T06:35:20+00:00","dateModified":"2024-02-09T07:24:09+00:00","description":"El 27 de agosto de 2018 se produjo la primera v\u00edctima mortal de un veh\u00edculo de conducci\u00f3n aut\u00f3noma en Tempe, Arizona. M\u00e1s de dos a\u00f1os despu\u00e9s, Rafaela V\u00e1squez, la conductora de Uber de refuerzo que estaba supervisando el veh\u00edculo aut\u00f3nomo en el momento del accidente, ha sido acusada de homicidio por negligencia. Se la acusa de estar distra\u00edda y no vigilar la seguridad de","inLanguage":"es","potentialAction":[{"@type":"ReadAction","target":["https:\/\/freeman-freeman.com\/blog\/uber-backup-driver-charged-in-fatal-autonomous-vehicle-crash\/"]}]},{"@type":"ImageObject","inLanguage":"es","@id":"https:\/\/freeman-freeman.com\/blog\/uber-backup-driver-charged-in-fatal-autonomous-vehicle-crash\/#primaryimage","url":"https:\/\/freeman-freeman.com\/wp-content\/uploads\/2020\/10\/iStock-1171076788-vehicle-chalk-drawing.webp","contentUrl":"https:\/\/freeman-freeman.com\/wp-content\/uploads\/2020\/10\/iStock-1171076788-vehicle-chalk-drawing.webp","width":700,"height":467},{"@type":"WebSite","@id":"https:\/\/freeman-freeman.com\/#website","url":"https:\/\/freeman-freeman.com\/","name":"Freeman &amp; Freeman, LLP","description":"","publisher":{"@id":"https:\/\/freeman-freeman.com\/#organization"},"potentialAction":[{"@type":"SearchAction","target":{"@type":"EntryPoint","urlTemplate":"https:\/\/freeman-freeman.com\/?s={search_term_string}"},"query-input":{"@type":"PropertyValueSpecification","valueRequired":true,"valueName":"search_term_string"}}],"inLanguage":"es"},{"@type":"Organization","@id":"https:\/\/freeman-freeman.com\/#organization","name":"Freeman &amp; Freeman, LLP","url":"https:\/\/freeman-freeman.com\/","logo":{"@type":"ImageObject","inLanguage":"es","@id":"https:\/\/freeman-freeman.com\/#\/schema\/logo\/image\/","url":"https:\/\/freeman-freeman.com\/wp-content\/uploads\/2024\/01\/logo.jpg","contentUrl":"https:\/\/freeman-freeman.com\/wp-content\/uploads\/2024\/01\/logo.jpg","width":674,"height":104,"caption":"Freeman & Freeman, LLP"},"image":{"@id":"https:\/\/freeman-freeman.com\/#\/schema\/logo\/image\/"},"sameAs":["https:\/\/www.facebook.com\/FreemanFreemanLaw","https:\/\/x.com\/FreemanFreeman1","https:\/\/www.linkedin.com\/company\/freeman-freeman-llp"]},{"@type":"Person","@id":"https:\/\/freeman-freeman.com\/#\/schema\/person\/ae745f3991c4106b46c1f1742b117549","name":"Stan H. Freeman","image":{"@type":"ImageObject","inLanguage":"es","@id":"https:\/\/secure.gravatar.com\/avatar\/541b0865d38c48d039c25e0dcabc7914e9de423e4bf283b105f0255dde8ff361?s=96&d=mm&r=g","url":"https:\/\/secure.gravatar.com\/avatar\/541b0865d38c48d039c25e0dcabc7914e9de423e4bf283b105f0255dde8ff361?s=96&d=mm&r=g","contentUrl":"https:\/\/secure.gravatar.com\/avatar\/541b0865d38c48d039c25e0dcabc7914e9de423e4bf283b105f0255dde8ff361?s=96&d=mm&r=g","caption":"Stan H. Freeman"},"description":"Stan H. Freeman es socio de Freeman &amp; Freeman, LLP en Woodland Hills, California, donde ha ejercido como abogado especializado en lesiones personales durante m\u00e1s de cuatro d\u00e9cadas. Es socio del bufete desde 1980. El Sr. Freeman fue admitido en el Colegio de Abogados de California en 1975 tras obtener su t\u00edtulo de Juris Doctor en la Facultad de Derecho de la Universidad Southwestern. Se dedica a representar a personas lesionadas y aporta su dilatada experiencia y su sensatez a los asuntos relacionados con lesiones personales.","sameAs":["https:\/\/freeman-freeman.com\/about\/freeman-stan-h\/","https:\/\/www.avvo.com\/attorneys\/91367-ca-stanley-freeman-315310.html","https:\/\/www.experience.com\/reviews\/stanley-18227356","https:\/\/www.martindale.com\/attorney\/stanley-hal-freeman-286533\/","https:\/\/apps.calbar.ca.gov\/attorney\/Licensee\/Detail\/65760","https:\/\/profiles.superlawyers.com\/california\/woodland-hills\/lawyer\/stan-h-freeman\/6f18c3c1-3ae6-4d1c-beb2-08e14c97d73a.html#:~:text=AttorneyStanH.,bicyclepedestrianandbusaccidents.","https:\/\/lawlink.com\/profile\/11228\/stan-h-freeman","https:\/\/lawyers.findlaw.com\/profile\/view\/3659872_1","https:\/\/www.hg.org\/lawyer\/stan-freeman\/111598","https:\/\/california.statelawyers.com\/Lawyer\/Profile.cfm?AttorneyID=75734"],"url":"https:\/\/freeman-freeman.com\/es\/blog\/author\/stan-h-freeman\/"}]}},"_links":{"self":[{"href":"https:\/\/freeman-freeman.com\/es\/wp-json\/wp\/v2\/posts\/1035","targetHints":{"allow":["GET"]}}],"collection":[{"href":"https:\/\/freeman-freeman.com\/es\/wp-json\/wp\/v2\/posts"}],"about":[{"href":"https:\/\/freeman-freeman.com\/es\/wp-json\/wp\/v2\/types\/post"}],"author":[{"embeddable":true,"href":"https:\/\/freeman-freeman.com\/es\/wp-json\/wp\/v2\/users\/1"}],"replies":[{"embeddable":true,"href":"https:\/\/freeman-freeman.com\/es\/wp-json\/wp\/v2\/comments?post=1035"}],"version-history":[{"count":3,"href":"https:\/\/freeman-freeman.com\/es\/wp-json\/wp\/v2\/posts\/1035\/revisions"}],"predecessor-version":[{"id":2175,"href":"https:\/\/freeman-freeman.com\/es\/wp-json\/wp\/v2\/posts\/1035\/revisions\/2175"}],"wp:featuredmedia":[{"embeddable":true,"href":"https:\/\/freeman-freeman.com\/es\/wp-json\/wp\/v2\/media\/1043"}],"wp:attachment":[{"href":"https:\/\/freeman-freeman.com\/es\/wp-json\/wp\/v2\/media?parent=1035"}],"wp:term":[{"taxonomy":"category","embeddable":true,"href":"https:\/\/freeman-freeman.com\/es\/wp-json\/wp\/v2\/categories?post=1035"},{"taxonomy":"post_tag","embeddable":true,"href":"https:\/\/freeman-freeman.com\/es\/wp-json\/wp\/v2\/tags?post=1035"}],"curies":[{"name":"wp","href":"https:\/\/api.w.org\/{rel}","templated":true}]}}