{"id":488,"date":"2014-05-11T09:52:21","date_gmt":"2014-05-11T09:52:21","guid":{"rendered":"https:\/\/freeman-freeman.com\/?p=488"},"modified":"2024-02-06T13:35:33","modified_gmt":"2024-02-06T13:35:33","slug":"general-motors-retira-mas-vehiculos-por-defectos-en-los-airbags-de-los-cinturones-de-seguridad","status":"publish","type":"post","link":"https:\/\/freeman-freeman.com\/es\/blog\/general-motors-recalls-more-vehicles-linked-to-seat-belt-airbag-defects\/","title":{"rendered":"General Motors retira m\u00e1s veh\u00edculos por defectos en cinturones de seguridad y airbags"},"content":{"rendered":"<p>Tras retirar m\u00e1s de 2,7 millones de veh\u00edculos s\u00f3lo este a\u00f1o, General Motors ha anunciado nuevas retiradas. La \u00faltima ronda de retiradas est\u00e1 relacionada con posibles defectos en los airbags y los cinturones de seguridad. En total, se han retirado 2,4 millones de veh\u00edculos.<\/p>\n<p>General Motors ya est\u00e1 a punto de batir el r\u00e9cord de llamadas a revisi\u00f3n en 2014, con m\u00e1s de 2,7 millones de veh\u00edculos retirados anteriormente por diversos defectos. Una abrumadora mayor\u00eda de esos coches fueron retirados por un defecto potencialmente mortal en el interruptor de encendido. Ese defecto ya se ha relacionado con al menos 13 muertes causadas en m\u00e1s de 40 accidentes en todo el pa\u00eds.<\/p>\n<p>La nueva llamada a revisi\u00f3n est\u00e1 relacionada con posibles defectos del cintur\u00f3n de seguridad que podr\u00edan provocar que el cintur\u00f3n de seguridad delantero se desprendiera del coche durante un <strong>accidente<\/strong>. Se trata de un problema grave que puede causar lesiones o v\u00edctimas mortales. El fabricante de autom\u00f3viles ha ordenado a los concesionarios que no vendan ning\u00fan modelo nuevo o usado de estos veh\u00edculos hasta que se realicen las reparaciones pertinentes. Los veh\u00edculos que est\u00e1n incluidos en este retiro incluyen el Buick Enclave, Chevrolet Traverse, GMC Acadia y el Saturn Outlook.<\/p>\n<p>Mientras tanto, General Motors tambi\u00e9n se enfrenta a m\u00faltiples demandas de personas que sufrieron lesiones y de los seres queridos de los fallecidos en accidentes relacionados con sus coches defectuosos. El problema es que no parece que la marat\u00f3n de retiradas de General Motors haya terminado todav\u00eda. Los propietarios de estos veh\u00edculos pueden esperar muchas m\u00e1s retiradas en las pr\u00f3ximas semanas.<\/p>\n<p>Si tiene un coche de General Motors, visite el sitio web de la empresa para ver si su coche ha sido incluido en las recientes llamadas a revisi\u00f3n de la empresa. La empresa ha iniciado el proceso de informar a los propietarios de sus veh\u00edculos sobre estas llamadas a revisi\u00f3n, pero algunas de esas cartas a\u00fan no se han enviado.<\/p>","protected":false},"excerpt":{"rendered":"<p>After recalling more than 2.7 million vehicles this year alone, General Motors has announced yet more recalls. The latest round of recalls is linked to potential air bag and seat belt defects. A total of 2.4 million vehicles are being recalled in this round. General Motors is already set to break the record for recalls &hellip; <\/p>\n<p class=\"link-more\"><a href=\"https:\/\/freeman-freeman.com\/es\/blog\/general-motors-recalls-more-vehicles-linked-to-seat-belt-airbag-defects\/\" class=\"more-link\">Seguir leyendo<span class=\"screen-reader-text\"> &#8220;General Motors Recalls More Vehicles Linked to Seat Belt, Airbag Defects&#8221;<\/span><\/a><\/p>","protected":false},"author":1,"featured_media":0,"comment_status":"open","ping_status":"open","sticky":false,"template":"","format":"standard","meta":{"_acf_changed":false,"footnotes":""},"categories":[1],"tags":[],"class_list":["post-488","post","type-post","status-publish","format-standard","hentry","category-news","entry"],"acf":[],"yoast_head":"<!-- This site is optimized with the Yoast SEO plugin v27.5 - https:\/\/yoast.com\/product\/yoast-seo-wordpress\/ -->\n<title>General Motors Recalls More Vehicles Linked to Seat Belt, Airbag Defects<\/title>\n<meta name=\"description\" content=\"After recalling more than 2.7 million vehicles this year alone, General Motors has announced yet more recalls linked to air bag and seat belt defects.\" \/>\n<meta name=\"robots\" content=\"index, follow, max-snippet:-1, max-image-preview:large, max-video-preview:-1\" \/>\n<link rel=\"canonical\" href=\"https:\/\/freeman-freeman.com\/es\/blog\/general-motors-retira-mas-vehiculos-por-defectos-en-los-airbags-de-los-cinturones-de-seguridad\/\" \/>\n<meta property=\"og:locale\" content=\"es_MX\" \/>\n<meta property=\"og:type\" content=\"article\" \/>\n<meta property=\"og:title\" content=\"General Motors Recalls More Vehicles Linked to Seat Belt, Airbag Defects\" \/>\n<meta property=\"og:description\" content=\"After recalling more than 2.7 million vehicles this year alone, General Motors has announced yet more recalls linked to air bag and seat belt defects.\" \/>\n<meta property=\"og:url\" content=\"https:\/\/freeman-freeman.com\/es\/blog\/general-motors-retira-mas-vehiculos-por-defectos-en-los-airbags-de-los-cinturones-de-seguridad\/\" \/>\n<meta property=\"og:site_name\" content=\"Freeman &amp; Freeman, LLP\" \/>\n<meta property=\"article:publisher\" content=\"https:\/\/www.facebook.com\/FreemanFreemanLaw\" \/>\n<meta property=\"article:author\" content=\"https:\/\/www.avvo.com\/attorneys\/91367-ca-stanley-freeman-315310.html\" \/>\n<meta property=\"article:published_time\" content=\"2014-05-11T09:52:21+00:00\" \/>\n<meta property=\"article:modified_time\" content=\"2024-02-06T13:35:33+00:00\" \/>\n<meta name=\"author\" content=\"Stan H. Freeman\" \/>\n<meta name=\"twitter:card\" content=\"summary_large_image\" \/>\n<meta name=\"twitter:creator\" content=\"@FreemanFreeman1\" \/>\n<meta name=\"twitter:site\" content=\"@FreemanFreeman1\" \/>\n<meta name=\"twitter:label1\" content=\"Escrito por\" \/>\n\t<meta name=\"twitter:data1\" content=\"Stan H. Freeman\" \/>\n\t<meta name=\"twitter:label2\" content=\"Tiempo de lectura\" \/>\n\t<meta name=\"twitter:data2\" content=\"2 minutos\" \/>\n<script type=\"application\/ld+json\" class=\"yoast-schema-graph\">{\"@context\":\"https:\\\/\\\/schema.org\",\"@graph\":[{\"@type\":\"Article\",\"@id\":\"https:\\\/\\\/freeman-freeman.com\\\/blog\\\/general-motors-recalls-more-vehicles-linked-to-seat-belt-airbag-defects\\\/#article\",\"isPartOf\":{\"@id\":\"https:\\\/\\\/freeman-freeman.com\\\/blog\\\/general-motors-recalls-more-vehicles-linked-to-seat-belt-airbag-defects\\\/\"},\"author\":{\"name\":\"Stan H. Freeman\",\"@id\":\"https:\\\/\\\/freeman-freeman.com\\\/#\\\/schema\\\/person\\\/ae745f3991c4106b46c1f1742b117549\"},\"headline\":\"General Motors Recalls More Vehicles Linked to Seat Belt, Airbag Defects\",\"datePublished\":\"2014-05-11T09:52:21+00:00\",\"dateModified\":\"2024-02-06T13:35:33+00:00\",\"mainEntityOfPage\":{\"@id\":\"https:\\\/\\\/freeman-freeman.com\\\/blog\\\/general-motors-recalls-more-vehicles-linked-to-seat-belt-airbag-defects\\\/\"},\"wordCount\":300,\"commentCount\":0,\"publisher\":{\"@id\":\"https:\\\/\\\/freeman-freeman.com\\\/#organization\"},\"articleSection\":[\"News\"],\"inLanguage\":\"es\",\"potentialAction\":[{\"@type\":\"CommentAction\",\"name\":\"Comment\",\"target\":[\"https:\\\/\\\/freeman-freeman.com\\\/blog\\\/general-motors-recalls-more-vehicles-linked-to-seat-belt-airbag-defects\\\/#respond\"]}]},{\"@type\":\"WebPage\",\"@id\":\"https:\\\/\\\/freeman-freeman.com\\\/blog\\\/general-motors-recalls-more-vehicles-linked-to-seat-belt-airbag-defects\\\/\",\"url\":\"https:\\\/\\\/freeman-freeman.com\\\/blog\\\/general-motors-recalls-more-vehicles-linked-to-seat-belt-airbag-defects\\\/\",\"name\":\"General Motors Recalls More Vehicles Linked to Seat Belt, Airbag Defects\",\"isPartOf\":{\"@id\":\"https:\\\/\\\/freeman-freeman.com\\\/#website\"},\"datePublished\":\"2014-05-11T09:52:21+00:00\",\"dateModified\":\"2024-02-06T13:35:33+00:00\",\"description\":\"After recalling more than 2.7 million vehicles this year alone, General Motors has announced yet more recalls linked to air bag and seat belt defects.\",\"inLanguage\":\"es\",\"potentialAction\":[{\"@type\":\"ReadAction\",\"target\":[\"https:\\\/\\\/freeman-freeman.com\\\/blog\\\/general-motors-recalls-more-vehicles-linked-to-seat-belt-airbag-defects\\\/\"]}]},{\"@type\":\"WebSite\",\"@id\":\"https:\\\/\\\/freeman-freeman.com\\\/#website\",\"url\":\"https:\\\/\\\/freeman-freeman.com\\\/\",\"name\":\"Freeman &amp; Freeman, LLP\",\"description\":\"\",\"publisher\":{\"@id\":\"https:\\\/\\\/freeman-freeman.com\\\/#organization\"},\"potentialAction\":[{\"@type\":\"SearchAction\",\"target\":{\"@type\":\"EntryPoint\",\"urlTemplate\":\"https:\\\/\\\/freeman-freeman.com\\\/?s={search_term_string}\"},\"query-input\":{\"@type\":\"PropertyValueSpecification\",\"valueRequired\":true,\"valueName\":\"search_term_string\"}}],\"inLanguage\":\"es\"},{\"@type\":\"Organization\",\"@id\":\"https:\\\/\\\/freeman-freeman.com\\\/#organization\",\"name\":\"Freeman & Freeman, LLP\",\"url\":\"https:\\\/\\\/freeman-freeman.com\\\/\",\"logo\":{\"@type\":\"ImageObject\",\"inLanguage\":\"es\",\"@id\":\"https:\\\/\\\/freeman-freeman.com\\\/#\\\/schema\\\/logo\\\/image\\\/\",\"url\":\"https:\\\/\\\/freeman-freeman.com\\\/wp-content\\\/uploads\\\/2024\\\/01\\\/logo.jpg\",\"contentUrl\":\"https:\\\/\\\/freeman-freeman.com\\\/wp-content\\\/uploads\\\/2024\\\/01\\\/logo.jpg\",\"width\":674,\"height\":104,\"caption\":\"Freeman & Freeman, LLP\"},\"image\":{\"@id\":\"https:\\\/\\\/freeman-freeman.com\\\/#\\\/schema\\\/logo\\\/image\\\/\"},\"sameAs\":[\"https:\\\/\\\/www.facebook.com\\\/FreemanFreemanLaw\",\"https:\\\/\\\/x.com\\\/FreemanFreeman1\",\"https:\\\/\\\/www.linkedin.com\\\/company\\\/freeman-freeman-llp\"]},{\"@type\":\"Person\",\"@id\":\"https:\\\/\\\/freeman-freeman.com\\\/#\\\/schema\\\/person\\\/ae745f3991c4106b46c1f1742b117549\",\"name\":\"Stan H. Freeman\",\"image\":{\"@type\":\"ImageObject\",\"inLanguage\":\"es\",\"@id\":\"https:\\\/\\\/secure.gravatar.com\\\/avatar\\\/541b0865d38c48d039c25e0dcabc7914e9de423e4bf283b105f0255dde8ff361?s=96&d=mm&r=g\",\"url\":\"https:\\\/\\\/secure.gravatar.com\\\/avatar\\\/541b0865d38c48d039c25e0dcabc7914e9de423e4bf283b105f0255dde8ff361?s=96&d=mm&r=g\",\"contentUrl\":\"https:\\\/\\\/secure.gravatar.com\\\/avatar\\\/541b0865d38c48d039c25e0dcabc7914e9de423e4bf283b105f0255dde8ff361?s=96&d=mm&r=g\",\"caption\":\"Stan H. Freeman\"},\"description\":\"Stan H. Freeman is a partner at Freeman &amp; Freeman, LLP in Woodland Hills, California, where he has practiced personal injury law for more than four decades. He has been a partner with the firm since 1980. Mr. Freeman was admitted to the State Bar of California in 1975 after earning his Juris Doctor from Southwestern University School of Law. He focuses on representing injured individuals and brings long-standing experience and steady judgment to personal injury matters.\",\"sameAs\":[\"https:\\\/\\\/freeman-freeman.com\\\/about\\\/freeman-stan-h\\\/\",\"https:\\\/\\\/www.avvo.com\\\/attorneys\\\/91367-ca-stanley-freeman-315310.html\",\"https:\\\/\\\/www.experience.com\\\/reviews\\\/stanley-18227356\",\"https:\\\/\\\/www.martindale.com\\\/attorney\\\/stanley-hal-freeman-286533\\\/\",\"https:\\\/\\\/apps.calbar.ca.gov\\\/attorney\\\/Licensee\\\/Detail\\\/65760\",\"https:\\\/\\\/profiles.superlawyers.com\\\/california\\\/woodland-hills\\\/lawyer\\\/stan-h-freeman\\\/6f18c3c1-3ae6-4d1c-beb2-08e14c97d73a.html#:~:text=AttorneyStanH.,bicyclepedestrianandbusaccidents.\",\"https:\\\/\\\/lawlink.com\\\/profile\\\/11228\\\/stan-h-freeman\",\"https:\\\/\\\/lawyers.findlaw.com\\\/profile\\\/view\\\/3659872_1\",\"https:\\\/\\\/www.hg.org\\\/lawyer\\\/stan-freeman\\\/111598\",\"https:\\\/\\\/california.statelawyers.com\\\/Lawyer\\\/Profile.cfm?AttorneyID=75734\"],\"url\":\"https:\\\/\\\/freeman-freeman.com\\\/es\\\/blog\\\/author\\\/stan-h-freeman\\\/\"}]}<\/script>\n<!-- \/ Yoast SEO plugin. -->","yoast_head_json":{"title":"General Motors retira m\u00e1s veh\u00edculos por defectos en cinturones de seguridad y airbags","description":"Tras retirar m\u00e1s de 2,7 millones de veh\u00edculos s\u00f3lo este a\u00f1o, General Motors ha anunciado nuevas retiradas relacionadas con defectos en los airbags y los cinturones de seguridad.","robots":{"index":"index","follow":"follow","max-snippet":"max-snippet:-1","max-image-preview":"max-image-preview:large","max-video-preview":"max-video-preview:-1"},"canonical":"https:\/\/freeman-freeman.com\/es\/blog\/general-motors-retira-mas-vehiculos-por-defectos-en-los-airbags-de-los-cinturones-de-seguridad\/","og_locale":"es_MX","og_type":"article","og_title":"General Motors Recalls More Vehicles Linked to Seat Belt, Airbag Defects","og_description":"After recalling more than 2.7 million vehicles this year alone, General Motors has announced yet more recalls linked to air bag and seat belt defects.","og_url":"https:\/\/freeman-freeman.com\/es\/blog\/general-motors-retira-mas-vehiculos-por-defectos-en-los-airbags-de-los-cinturones-de-seguridad\/","og_site_name":"Freeman &amp; Freeman, LLP","article_publisher":"https:\/\/www.facebook.com\/FreemanFreemanLaw","article_author":"https:\/\/www.avvo.com\/attorneys\/91367-ca-stanley-freeman-315310.html","article_published_time":"2014-05-11T09:52:21+00:00","article_modified_time":"2024-02-06T13:35:33+00:00","author":"Stan H. Freeman","twitter_card":"summary_large_image","twitter_creator":"@FreemanFreeman1","twitter_site":"@FreemanFreeman1","twitter_misc":{"Escrito por":"Stan H. Freeman","Tiempo de lectura":"2 minutos"},"schema":{"@context":"https:\/\/schema.org","@graph":[{"@type":"Article","@id":"https:\/\/freeman-freeman.com\/blog\/general-motors-recalls-more-vehicles-linked-to-seat-belt-airbag-defects\/#article","isPartOf":{"@id":"https:\/\/freeman-freeman.com\/blog\/general-motors-recalls-more-vehicles-linked-to-seat-belt-airbag-defects\/"},"author":{"name":"Stan H. Freeman","@id":"https:\/\/freeman-freeman.com\/#\/schema\/person\/ae745f3991c4106b46c1f1742b117549"},"headline":"General Motors Recalls More Vehicles Linked to Seat Belt, Airbag Defects","datePublished":"2014-05-11T09:52:21+00:00","dateModified":"2024-02-06T13:35:33+00:00","mainEntityOfPage":{"@id":"https:\/\/freeman-freeman.com\/blog\/general-motors-recalls-more-vehicles-linked-to-seat-belt-airbag-defects\/"},"wordCount":300,"commentCount":0,"publisher":{"@id":"https:\/\/freeman-freeman.com\/#organization"},"articleSection":["News"],"inLanguage":"es","potentialAction":[{"@type":"CommentAction","name":"Comment","target":["https:\/\/freeman-freeman.com\/blog\/general-motors-recalls-more-vehicles-linked-to-seat-belt-airbag-defects\/#respond"]}]},{"@type":"WebPage","@id":"https:\/\/freeman-freeman.com\/blog\/general-motors-recalls-more-vehicles-linked-to-seat-belt-airbag-defects\/","url":"https:\/\/freeman-freeman.com\/blog\/general-motors-recalls-more-vehicles-linked-to-seat-belt-airbag-defects\/","name":"General Motors retira m\u00e1s veh\u00edculos por defectos en cinturones de seguridad y airbags","isPartOf":{"@id":"https:\/\/freeman-freeman.com\/#website"},"datePublished":"2014-05-11T09:52:21+00:00","dateModified":"2024-02-06T13:35:33+00:00","description":"Tras retirar m\u00e1s de 2,7 millones de veh\u00edculos s\u00f3lo este a\u00f1o, General Motors ha anunciado nuevas retiradas relacionadas con defectos en los airbags y los cinturones de seguridad.","inLanguage":"es","potentialAction":[{"@type":"ReadAction","target":["https:\/\/freeman-freeman.com\/blog\/general-motors-recalls-more-vehicles-linked-to-seat-belt-airbag-defects\/"]}]},{"@type":"WebSite","@id":"https:\/\/freeman-freeman.com\/#website","url":"https:\/\/freeman-freeman.com\/","name":"Freeman &amp; Freeman, LLP","description":"","publisher":{"@id":"https:\/\/freeman-freeman.com\/#organization"},"potentialAction":[{"@type":"SearchAction","target":{"@type":"EntryPoint","urlTemplate":"https:\/\/freeman-freeman.com\/?s={search_term_string}"},"query-input":{"@type":"PropertyValueSpecification","valueRequired":true,"valueName":"search_term_string"}}],"inLanguage":"es"},{"@type":"Organization","@id":"https:\/\/freeman-freeman.com\/#organization","name":"Freeman &amp; Freeman, LLP","url":"https:\/\/freeman-freeman.com\/","logo":{"@type":"ImageObject","inLanguage":"es","@id":"https:\/\/freeman-freeman.com\/#\/schema\/logo\/image\/","url":"https:\/\/freeman-freeman.com\/wp-content\/uploads\/2024\/01\/logo.jpg","contentUrl":"https:\/\/freeman-freeman.com\/wp-content\/uploads\/2024\/01\/logo.jpg","width":674,"height":104,"caption":"Freeman & Freeman, LLP"},"image":{"@id":"https:\/\/freeman-freeman.com\/#\/schema\/logo\/image\/"},"sameAs":["https:\/\/www.facebook.com\/FreemanFreemanLaw","https:\/\/x.com\/FreemanFreeman1","https:\/\/www.linkedin.com\/company\/freeman-freeman-llp"]},{"@type":"Person","@id":"https:\/\/freeman-freeman.com\/#\/schema\/person\/ae745f3991c4106b46c1f1742b117549","name":"Stan H. Freeman","image":{"@type":"ImageObject","inLanguage":"es","@id":"https:\/\/secure.gravatar.com\/avatar\/541b0865d38c48d039c25e0dcabc7914e9de423e4bf283b105f0255dde8ff361?s=96&d=mm&r=g","url":"https:\/\/secure.gravatar.com\/avatar\/541b0865d38c48d039c25e0dcabc7914e9de423e4bf283b105f0255dde8ff361?s=96&d=mm&r=g","contentUrl":"https:\/\/secure.gravatar.com\/avatar\/541b0865d38c48d039c25e0dcabc7914e9de423e4bf283b105f0255dde8ff361?s=96&d=mm&r=g","caption":"Stan H. Freeman"},"description":"Stan H. Freeman es socio de Freeman &amp; Freeman, LLP en Woodland Hills, California, donde ha ejercido como abogado especializado en lesiones personales durante m\u00e1s de cuatro d\u00e9cadas. Es socio del bufete desde 1980. El Sr. Freeman fue admitido en el Colegio de Abogados de California en 1975 tras obtener su t\u00edtulo de Juris Doctor en la Facultad de Derecho de la Universidad Southwestern. Se dedica a representar a personas lesionadas y aporta su dilatada experiencia y su sensatez a los asuntos relacionados con lesiones personales.","sameAs":["https:\/\/freeman-freeman.com\/about\/freeman-stan-h\/","https:\/\/www.avvo.com\/attorneys\/91367-ca-stanley-freeman-315310.html","https:\/\/www.experience.com\/reviews\/stanley-18227356","https:\/\/www.martindale.com\/attorney\/stanley-hal-freeman-286533\/","https:\/\/apps.calbar.ca.gov\/attorney\/Licensee\/Detail\/65760","https:\/\/profiles.superlawyers.com\/california\/woodland-hills\/lawyer\/stan-h-freeman\/6f18c3c1-3ae6-4d1c-beb2-08e14c97d73a.html#:~:text=AttorneyStanH.,bicyclepedestrianandbusaccidents.","https:\/\/lawlink.com\/profile\/11228\/stan-h-freeman","https:\/\/lawyers.findlaw.com\/profile\/view\/3659872_1","https:\/\/www.hg.org\/lawyer\/stan-freeman\/111598","https:\/\/california.statelawyers.com\/Lawyer\/Profile.cfm?AttorneyID=75734"],"url":"https:\/\/freeman-freeman.com\/es\/blog\/author\/stan-h-freeman\/"}]}},"_links":{"self":[{"href":"https:\/\/freeman-freeman.com\/es\/wp-json\/wp\/v2\/posts\/488","targetHints":{"allow":["GET"]}}],"collection":[{"href":"https:\/\/freeman-freeman.com\/es\/wp-json\/wp\/v2\/posts"}],"about":[{"href":"https:\/\/freeman-freeman.com\/es\/wp-json\/wp\/v2\/types\/post"}],"author":[{"embeddable":true,"href":"https:\/\/freeman-freeman.com\/es\/wp-json\/wp\/v2\/users\/1"}],"replies":[{"embeddable":true,"href":"https:\/\/freeman-freeman.com\/es\/wp-json\/wp\/v2\/comments?post=488"}],"version-history":[{"count":2,"href":"https:\/\/freeman-freeman.com\/es\/wp-json\/wp\/v2\/posts\/488\/revisions"}],"predecessor-version":[{"id":491,"href":"https:\/\/freeman-freeman.com\/es\/wp-json\/wp\/v2\/posts\/488\/revisions\/491"}],"wp:attachment":[{"href":"https:\/\/freeman-freeman.com\/es\/wp-json\/wp\/v2\/media?parent=488"}],"wp:term":[{"taxonomy":"category","embeddable":true,"href":"https:\/\/freeman-freeman.com\/es\/wp-json\/wp\/v2\/categories?post=488"},{"taxonomy":"post_tag","embeddable":true,"href":"https:\/\/freeman-freeman.com\/es\/wp-json\/wp\/v2\/tags?post=488"}],"curies":[{"name":"wp","href":"https:\/\/api.w.org\/{rel}","templated":true}]}}