{"id":984,"date":"2018-05-03T06:09:21","date_gmt":"2018-05-03T06:09:21","guid":{"rendered":"https:\/\/freeman-freeman.com\/?p=984"},"modified":"2024-02-06T13:33:08","modified_gmt":"2024-02-06T13:33:08","slug":"por-que-no-se-desplego-mi-airbag-en-un-accidente","status":"publish","type":"post","link":"https:\/\/freeman-freeman.com\/es\/blog\/why-didnt-my-air-bag-deploy-in-an-accident\/","title":{"rendered":"\u00bfPor qu\u00e9 no se activ\u00f3 el airbag en un accidente?"},"content":{"rendered":"<p>Si has tenido un accidente de coche, lo \u00faltimo que pensar\u00e1s en ese momento es por qu\u00e9 tu airbag no est\u00e1 a tope en tu cara. Sin embargo, cuando las cosas se calmen, puede que empiece a reclamar tu atenci\u00f3n. Al fin y al cabo, si el accidente hubiera sido peor, no habr\u00edas tenido la protecci\u00f3n que se supone que proporciona un airbag. \u00bfPor qu\u00e9 no se ha desplegado? \u00bfEs un defecto? \u00bfPodr\u00edas haber estado en peligro?<\/p>\n<h3>5 razones por las que no se despliega el airbag<\/h3>\n<p>Cuando un airbag no se despliega en un accidente, hay cinco razones principales para ello. Una de ellas es bastante inocente y las otras cuatro son un poco m\u00e1s peligrosas. Si te preguntas por qu\u00e9 no se despliega el airbag, ten en cuenta estas causas.<\/p>\n<ul>\n<li>Tipo y gravedad de la colisi\u00f3n: el despliegue o no de los airbags puede depender a menudo de la propia colisi\u00f3n. Si la colisi\u00f3n no fue lo suficientemente fuerte como para activar los sensores, los airbags no se desplegar\u00e1n. Adem\u00e1s, es posible que te hayan golpeado en una zona donde los sensores no se activan. En colisiones traseras y laterales, los airbags frontales tienen menos posibilidades de activarse.<\/li>\n<li>Sensores defectuosos - Si usted estuvo en un accidente en el que las bolsas de aire deber\u00edan haberse desplegado y, de hecho, habr\u00eda ayudado a disminuir las lesiones, entonces usted puede estar buscando en los sensores defectuosos. Las pruebas, el dise\u00f1o, la instalaci\u00f3n e incluso la calibraci\u00f3n del software inadecuados pueden hacer que los sensores no se activen cuando deber\u00edan.<\/li>\n<li>El\u00e9ctrico defectuoso - A veces un sensor y otras partes funcionan como deber\u00edan, pero el el\u00e9ctrico en su coche no les da el jugo que necesitan para hacer su trabajo correctamente. Si las se\u00f1ales el\u00e9ctricas no se comunican correctamente, las bolsas de aire no funcionar\u00e1n correctamente. Por lo general, este es el caso cuando una bolsa de aire se despliega, pero otra no.<\/li>\n<li>Cables cortados - En choques especialmente graves, los cables que permiten a los sensores detectar y a los airbags desplegarse pueden cortarse. Si tu accidente fue especialmente repentino, esto puede ocurrir, aunque la mayor\u00eda de los fabricantes dificultan que suceda.<\/li>\n<li>M\u00f3dulos de airbag defectuosos: se han producido incidentes en los que los veh\u00edculos enviaban todas las se\u00f1ales correctas, pero el propio m\u00f3dulo del airbag imped\u00eda su despliegue.<\/li>\n<\/ul>\n<h3>Qu\u00e9 hacer si no se despliega el airbag<\/h3>\n<p>Si se puede determinar que su bolsa de aire no se despleg\u00f3 por una raz\u00f3n fuera de un defecto, entonces no hay mucho que puedas hacer. Sin embargo, si hab\u00eda un defecto con el m\u00f3dulo, los sensores, o incluso el cableado en su coche que caus\u00f3 la bolsa de no desplegar, usted puede ser capaz de obtener una indemnizaci\u00f3n. Esto es especialmente cierto si se puede demostrar que el airbag que no se despleg\u00f3 provoc\u00f3 m\u00e1s lesiones en el accidente.<\/p>\n<p>Adem\u00e1s de una demanda por lesiones personales en el accidente, tambi\u00e9n puede presentar otra demanda contra el fabricante. Esto significa que puede obtener una indemnizaci\u00f3n adicional del fabricante por los defectos. Sin embargo, esto ser\u00e1 nulo si ya han enviado llamadas a revisi\u00f3n que usted ignor\u00f3, como en el caso de las llamadas a revisi\u00f3n de los airbags de Takata.<\/p>\n<h3>\u00bfNecesita ayuda?<\/h3>\n<p>\u00bfHa estado usted en un accidente en el que su bolsa de aire no se despleg\u00f3 y usted cree que condujo a una lesi\u00f3n mayor? Si su veh\u00edculo puede ser investigado y se puede determinar que un defecto caus\u00f3 que las bolsas de aire no se desplegaran, es posible que podamos ayudarle a recuperar una indemnizaci\u00f3n por lesiones que nunca deber\u00edan haber ocurrido. Si usted ha estado en un accidente en el \u00e1rea de Los \u00c1ngeles, <a role=\"link\" href=\"https:\/\/freeman-freeman.com\/es\/pongase-en-contacto-con\/\" data-wpel-link=\"internal\">Contacto<\/a> hoy para ver lo que en la Oficina de Derecho de Freeman y Freeman puede hacer por usted.<\/p>","protected":false},"excerpt":{"rendered":"<p>If you have been in an auto accident, the last thing you will be thinking at the time is why your airbag isn\u2019t full on in your face. However, after things calm down, it might begin to beg for your attention. After all, if your crash had been worse, you wouldn\u2019t have had the protection &hellip; <\/p>\n<p class=\"link-more\"><a href=\"https:\/\/freeman-freeman.com\/es\/blog\/why-didnt-my-air-bag-deploy-in-an-accident\/\" class=\"more-link\">Seguir leyendo<span class=\"screen-reader-text\"> &#8220;Why Didn\u2019t My Air Bag Deploy in an Accident?&#8221;<\/span><\/a><\/p>","protected":false},"author":1,"featured_media":991,"comment_status":"open","ping_status":"open","sticky":false,"template":"","format":"standard","meta":{"_acf_changed":false,"footnotes":""},"categories":[1],"tags":[],"class_list":["post-984","post","type-post","status-publish","format-standard","has-post-thumbnail","hentry","category-news","entry"],"acf":[],"yoast_head":"<!-- This site is optimized with the Yoast SEO plugin v27.5 - https:\/\/yoast.com\/product\/yoast-seo-wordpress\/ -->\n<title>Why Didn&#039;t My Air Bag Deploy in an Accident?<\/title>\n<meta name=\"description\" content=\"&quot;Here are five reasons why your air bag didn&#039;t deploy and what you should do in that situation.\" \/>\n<meta name=\"robots\" content=\"index, follow, max-snippet:-1, max-image-preview:large, max-video-preview:-1\" \/>\n<link rel=\"canonical\" href=\"https:\/\/freeman-freeman.com\/es\/blog\/por-que-no-se-desplego-mi-airbag-en-un-accidente\/\" \/>\n<meta property=\"og:locale\" content=\"es_MX\" \/>\n<meta property=\"og:type\" content=\"article\" \/>\n<meta property=\"og:title\" content=\"Why Didn&#039;t My Air Bag Deploy in an Accident?\" \/>\n<meta property=\"og:description\" content=\"&quot;Here are five reasons why your air bag didn&#039;t deploy and what you should do in that situation.\" \/>\n<meta property=\"og:url\" content=\"https:\/\/freeman-freeman.com\/es\/blog\/por-que-no-se-desplego-mi-airbag-en-un-accidente\/\" \/>\n<meta property=\"og:site_name\" content=\"Freeman &amp; Freeman, LLP\" \/>\n<meta property=\"article:publisher\" content=\"https:\/\/www.facebook.com\/FreemanFreemanLaw\" \/>\n<meta property=\"article:author\" content=\"https:\/\/www.avvo.com\/attorneys\/91367-ca-stanley-freeman-315310.html\" \/>\n<meta property=\"article:published_time\" content=\"2018-05-03T06:09:21+00:00\" \/>\n<meta property=\"article:modified_time\" content=\"2024-02-06T13:33:08+00:00\" \/>\n<meta property=\"og:image\" content=\"https:\/\/freeman-freeman.com\/wp-content\/uploads\/2018\/05\/two-car-crash.webp\" \/>\n\t<meta property=\"og:image:width\" content=\"700\" \/>\n\t<meta property=\"og:image:height\" content=\"467\" \/>\n\t<meta property=\"og:image:type\" content=\"image\/webp\" \/>\n<meta name=\"author\" content=\"Stan H. Freeman\" \/>\n<meta name=\"twitter:card\" content=\"summary_large_image\" \/>\n<meta name=\"twitter:creator\" content=\"@FreemanFreeman1\" \/>\n<meta name=\"twitter:site\" content=\"@FreemanFreeman1\" \/>\n<meta name=\"twitter:label1\" content=\"Escrito por\" \/>\n\t<meta name=\"twitter:data1\" content=\"Stan H. Freeman\" \/>\n\t<meta name=\"twitter:label2\" content=\"Tiempo de lectura\" \/>\n\t<meta name=\"twitter:data2\" content=\"3 minutos\" \/>\n<script type=\"application\/ld+json\" class=\"yoast-schema-graph\">{\"@context\":\"https:\\\/\\\/schema.org\",\"@graph\":[{\"@type\":\"Article\",\"@id\":\"https:\\\/\\\/freeman-freeman.com\\\/blog\\\/why-didnt-my-air-bag-deploy-in-an-accident\\\/#article\",\"isPartOf\":{\"@id\":\"https:\\\/\\\/freeman-freeman.com\\\/blog\\\/why-didnt-my-air-bag-deploy-in-an-accident\\\/\"},\"author\":{\"name\":\"Stan H. Freeman\",\"@id\":\"https:\\\/\\\/freeman-freeman.com\\\/#\\\/schema\\\/person\\\/ae745f3991c4106b46c1f1742b117549\"},\"headline\":\"Why Didn\u2019t My Air Bag Deploy in an Accident?\",\"datePublished\":\"2018-05-03T06:09:21+00:00\",\"dateModified\":\"2024-02-06T13:33:08+00:00\",\"mainEntityOfPage\":{\"@id\":\"https:\\\/\\\/freeman-freeman.com\\\/blog\\\/why-didnt-my-air-bag-deploy-in-an-accident\\\/\"},\"wordCount\":632,\"commentCount\":0,\"publisher\":{\"@id\":\"https:\\\/\\\/freeman-freeman.com\\\/#organization\"},\"image\":{\"@id\":\"https:\\\/\\\/freeman-freeman.com\\\/blog\\\/why-didnt-my-air-bag-deploy-in-an-accident\\\/#primaryimage\"},\"thumbnailUrl\":\"https:\\\/\\\/freeman-freeman.com\\\/wp-content\\\/uploads\\\/2018\\\/05\\\/two-car-crash.webp\",\"articleSection\":[\"News\"],\"inLanguage\":\"es\",\"potentialAction\":[{\"@type\":\"CommentAction\",\"name\":\"Comment\",\"target\":[\"https:\\\/\\\/freeman-freeman.com\\\/blog\\\/why-didnt-my-air-bag-deploy-in-an-accident\\\/#respond\"]}]},{\"@type\":\"WebPage\",\"@id\":\"https:\\\/\\\/freeman-freeman.com\\\/blog\\\/why-didnt-my-air-bag-deploy-in-an-accident\\\/\",\"url\":\"https:\\\/\\\/freeman-freeman.com\\\/blog\\\/why-didnt-my-air-bag-deploy-in-an-accident\\\/\",\"name\":\"Why Didn't My Air Bag Deploy in an Accident?\",\"isPartOf\":{\"@id\":\"https:\\\/\\\/freeman-freeman.com\\\/#website\"},\"primaryImageOfPage\":{\"@id\":\"https:\\\/\\\/freeman-freeman.com\\\/blog\\\/why-didnt-my-air-bag-deploy-in-an-accident\\\/#primaryimage\"},\"image\":{\"@id\":\"https:\\\/\\\/freeman-freeman.com\\\/blog\\\/why-didnt-my-air-bag-deploy-in-an-accident\\\/#primaryimage\"},\"thumbnailUrl\":\"https:\\\/\\\/freeman-freeman.com\\\/wp-content\\\/uploads\\\/2018\\\/05\\\/two-car-crash.webp\",\"datePublished\":\"2018-05-03T06:09:21+00:00\",\"dateModified\":\"2024-02-06T13:33:08+00:00\",\"description\":\"\\\"Here are five reasons why your air bag didn&#039;t deploy and what you should do in that situation.\",\"inLanguage\":\"es\",\"potentialAction\":[{\"@type\":\"ReadAction\",\"target\":[\"https:\\\/\\\/freeman-freeman.com\\\/blog\\\/why-didnt-my-air-bag-deploy-in-an-accident\\\/\"]}]},{\"@type\":\"ImageObject\",\"inLanguage\":\"es\",\"@id\":\"https:\\\/\\\/freeman-freeman.com\\\/blog\\\/why-didnt-my-air-bag-deploy-in-an-accident\\\/#primaryimage\",\"url\":\"https:\\\/\\\/freeman-freeman.com\\\/wp-content\\\/uploads\\\/2018\\\/05\\\/two-car-crash.webp\",\"contentUrl\":\"https:\\\/\\\/freeman-freeman.com\\\/wp-content\\\/uploads\\\/2018\\\/05\\\/two-car-crash.webp\",\"width\":700,\"height\":467},{\"@type\":\"WebSite\",\"@id\":\"https:\\\/\\\/freeman-freeman.com\\\/#website\",\"url\":\"https:\\\/\\\/freeman-freeman.com\\\/\",\"name\":\"Freeman &amp; Freeman, LLP\",\"description\":\"\",\"publisher\":{\"@id\":\"https:\\\/\\\/freeman-freeman.com\\\/#organization\"},\"potentialAction\":[{\"@type\":\"SearchAction\",\"target\":{\"@type\":\"EntryPoint\",\"urlTemplate\":\"https:\\\/\\\/freeman-freeman.com\\\/?s={search_term_string}\"},\"query-input\":{\"@type\":\"PropertyValueSpecification\",\"valueRequired\":true,\"valueName\":\"search_term_string\"}}],\"inLanguage\":\"es\"},{\"@type\":\"Organization\",\"@id\":\"https:\\\/\\\/freeman-freeman.com\\\/#organization\",\"name\":\"Freeman & Freeman, LLP\",\"url\":\"https:\\\/\\\/freeman-freeman.com\\\/\",\"logo\":{\"@type\":\"ImageObject\",\"inLanguage\":\"es\",\"@id\":\"https:\\\/\\\/freeman-freeman.com\\\/#\\\/schema\\\/logo\\\/image\\\/\",\"url\":\"https:\\\/\\\/freeman-freeman.com\\\/wp-content\\\/uploads\\\/2024\\\/01\\\/logo.jpg\",\"contentUrl\":\"https:\\\/\\\/freeman-freeman.com\\\/wp-content\\\/uploads\\\/2024\\\/01\\\/logo.jpg\",\"width\":674,\"height\":104,\"caption\":\"Freeman & Freeman, LLP\"},\"image\":{\"@id\":\"https:\\\/\\\/freeman-freeman.com\\\/#\\\/schema\\\/logo\\\/image\\\/\"},\"sameAs\":[\"https:\\\/\\\/www.facebook.com\\\/FreemanFreemanLaw\",\"https:\\\/\\\/x.com\\\/FreemanFreeman1\",\"https:\\\/\\\/www.linkedin.com\\\/company\\\/freeman-freeman-llp\"]},{\"@type\":\"Person\",\"@id\":\"https:\\\/\\\/freeman-freeman.com\\\/#\\\/schema\\\/person\\\/ae745f3991c4106b46c1f1742b117549\",\"name\":\"Stan H. Freeman\",\"image\":{\"@type\":\"ImageObject\",\"inLanguage\":\"es\",\"@id\":\"https:\\\/\\\/secure.gravatar.com\\\/avatar\\\/541b0865d38c48d039c25e0dcabc7914e9de423e4bf283b105f0255dde8ff361?s=96&d=mm&r=g\",\"url\":\"https:\\\/\\\/secure.gravatar.com\\\/avatar\\\/541b0865d38c48d039c25e0dcabc7914e9de423e4bf283b105f0255dde8ff361?s=96&d=mm&r=g\",\"contentUrl\":\"https:\\\/\\\/secure.gravatar.com\\\/avatar\\\/541b0865d38c48d039c25e0dcabc7914e9de423e4bf283b105f0255dde8ff361?s=96&d=mm&r=g\",\"caption\":\"Stan H. Freeman\"},\"description\":\"Stan H. Freeman is a partner at Freeman &amp; Freeman, LLP in Woodland Hills, California, where he has practiced personal injury law for more than four decades. He has been a partner with the firm since 1980. Mr. Freeman was admitted to the State Bar of California in 1975 after earning his Juris Doctor from Southwestern University School of Law. He focuses on representing injured individuals and brings long-standing experience and steady judgment to personal injury matters.\",\"sameAs\":[\"https:\\\/\\\/freeman-freeman.com\\\/about\\\/freeman-stan-h\\\/\",\"https:\\\/\\\/www.avvo.com\\\/attorneys\\\/91367-ca-stanley-freeman-315310.html\",\"https:\\\/\\\/www.experience.com\\\/reviews\\\/stanley-18227356\",\"https:\\\/\\\/www.martindale.com\\\/attorney\\\/stanley-hal-freeman-286533\\\/\",\"https:\\\/\\\/apps.calbar.ca.gov\\\/attorney\\\/Licensee\\\/Detail\\\/65760\",\"https:\\\/\\\/profiles.superlawyers.com\\\/california\\\/woodland-hills\\\/lawyer\\\/stan-h-freeman\\\/6f18c3c1-3ae6-4d1c-beb2-08e14c97d73a.html#:~:text=AttorneyStanH.,bicyclepedestrianandbusaccidents.\",\"https:\\\/\\\/lawlink.com\\\/profile\\\/11228\\\/stan-h-freeman\",\"https:\\\/\\\/lawyers.findlaw.com\\\/profile\\\/view\\\/3659872_1\",\"https:\\\/\\\/www.hg.org\\\/lawyer\\\/stan-freeman\\\/111598\",\"https:\\\/\\\/california.statelawyers.com\\\/Lawyer\\\/Profile.cfm?AttorneyID=75734\"],\"url\":\"https:\\\/\\\/freeman-freeman.com\\\/es\\\/blog\\\/author\\\/stan-h-freeman\\\/\"}]}<\/script>\n<!-- \/ Yoast SEO plugin. -->","yoast_head_json":{"title":"\u00bfPor qu\u00e9 no se activ\u00f3 el airbag en un accidente?","description":"\"Aqu\u00ed tienes cinco razones por las que tu airbag no se despleg\u00f3 y lo que debes hacer en esa situaci\u00f3n.","robots":{"index":"index","follow":"follow","max-snippet":"max-snippet:-1","max-image-preview":"max-image-preview:large","max-video-preview":"max-video-preview:-1"},"canonical":"https:\/\/freeman-freeman.com\/es\/blog\/por-que-no-se-desplego-mi-airbag-en-un-accidente\/","og_locale":"es_MX","og_type":"article","og_title":"Why Didn't My Air Bag Deploy in an Accident?","og_description":"\"Here are five reasons why your air bag didn&#039;t deploy and what you should do in that situation.","og_url":"https:\/\/freeman-freeman.com\/es\/blog\/por-que-no-se-desplego-mi-airbag-en-un-accidente\/","og_site_name":"Freeman &amp; Freeman, LLP","article_publisher":"https:\/\/www.facebook.com\/FreemanFreemanLaw","article_author":"https:\/\/www.avvo.com\/attorneys\/91367-ca-stanley-freeman-315310.html","article_published_time":"2018-05-03T06:09:21+00:00","article_modified_time":"2024-02-06T13:33:08+00:00","og_image":[{"width":700,"height":467,"url":"https:\/\/freeman-freeman.com\/wp-content\/uploads\/2018\/05\/two-car-crash.webp","type":"image\/webp"}],"author":"Stan H. Freeman","twitter_card":"summary_large_image","twitter_creator":"@FreemanFreeman1","twitter_site":"@FreemanFreeman1","twitter_misc":{"Escrito por":"Stan H. Freeman","Tiempo de lectura":"3 minutos"},"schema":{"@context":"https:\/\/schema.org","@graph":[{"@type":"Article","@id":"https:\/\/freeman-freeman.com\/blog\/why-didnt-my-air-bag-deploy-in-an-accident\/#article","isPartOf":{"@id":"https:\/\/freeman-freeman.com\/blog\/why-didnt-my-air-bag-deploy-in-an-accident\/"},"author":{"name":"Stan H. Freeman","@id":"https:\/\/freeman-freeman.com\/#\/schema\/person\/ae745f3991c4106b46c1f1742b117549"},"headline":"Why Didn\u2019t My Air Bag Deploy in an Accident?","datePublished":"2018-05-03T06:09:21+00:00","dateModified":"2024-02-06T13:33:08+00:00","mainEntityOfPage":{"@id":"https:\/\/freeman-freeman.com\/blog\/why-didnt-my-air-bag-deploy-in-an-accident\/"},"wordCount":632,"commentCount":0,"publisher":{"@id":"https:\/\/freeman-freeman.com\/#organization"},"image":{"@id":"https:\/\/freeman-freeman.com\/blog\/why-didnt-my-air-bag-deploy-in-an-accident\/#primaryimage"},"thumbnailUrl":"https:\/\/freeman-freeman.com\/wp-content\/uploads\/2018\/05\/two-car-crash.webp","articleSection":["News"],"inLanguage":"es","potentialAction":[{"@type":"CommentAction","name":"Comment","target":["https:\/\/freeman-freeman.com\/blog\/why-didnt-my-air-bag-deploy-in-an-accident\/#respond"]}]},{"@type":"WebPage","@id":"https:\/\/freeman-freeman.com\/blog\/why-didnt-my-air-bag-deploy-in-an-accident\/","url":"https:\/\/freeman-freeman.com\/blog\/why-didnt-my-air-bag-deploy-in-an-accident\/","name":"\u00bfPor qu\u00e9 no se activ\u00f3 el airbag en un accidente?","isPartOf":{"@id":"https:\/\/freeman-freeman.com\/#website"},"primaryImageOfPage":{"@id":"https:\/\/freeman-freeman.com\/blog\/why-didnt-my-air-bag-deploy-in-an-accident\/#primaryimage"},"image":{"@id":"https:\/\/freeman-freeman.com\/blog\/why-didnt-my-air-bag-deploy-in-an-accident\/#primaryimage"},"thumbnailUrl":"https:\/\/freeman-freeman.com\/wp-content\/uploads\/2018\/05\/two-car-crash.webp","datePublished":"2018-05-03T06:09:21+00:00","dateModified":"2024-02-06T13:33:08+00:00","description":"\"Aqu\u00ed tienes cinco razones por las que tu airbag no se despleg\u00f3 y lo que debes hacer en esa situaci\u00f3n.","inLanguage":"es","potentialAction":[{"@type":"ReadAction","target":["https:\/\/freeman-freeman.com\/blog\/why-didnt-my-air-bag-deploy-in-an-accident\/"]}]},{"@type":"ImageObject","inLanguage":"es","@id":"https:\/\/freeman-freeman.com\/blog\/why-didnt-my-air-bag-deploy-in-an-accident\/#primaryimage","url":"https:\/\/freeman-freeman.com\/wp-content\/uploads\/2018\/05\/two-car-crash.webp","contentUrl":"https:\/\/freeman-freeman.com\/wp-content\/uploads\/2018\/05\/two-car-crash.webp","width":700,"height":467},{"@type":"WebSite","@id":"https:\/\/freeman-freeman.com\/#website","url":"https:\/\/freeman-freeman.com\/","name":"Freeman &amp; Freeman, LLP","description":"","publisher":{"@id":"https:\/\/freeman-freeman.com\/#organization"},"potentialAction":[{"@type":"SearchAction","target":{"@type":"EntryPoint","urlTemplate":"https:\/\/freeman-freeman.com\/?s={search_term_string}"},"query-input":{"@type":"PropertyValueSpecification","valueRequired":true,"valueName":"search_term_string"}}],"inLanguage":"es"},{"@type":"Organization","@id":"https:\/\/freeman-freeman.com\/#organization","name":"Freeman &amp; Freeman, LLP","url":"https:\/\/freeman-freeman.com\/","logo":{"@type":"ImageObject","inLanguage":"es","@id":"https:\/\/freeman-freeman.com\/#\/schema\/logo\/image\/","url":"https:\/\/freeman-freeman.com\/wp-content\/uploads\/2024\/01\/logo.jpg","contentUrl":"https:\/\/freeman-freeman.com\/wp-content\/uploads\/2024\/01\/logo.jpg","width":674,"height":104,"caption":"Freeman & Freeman, LLP"},"image":{"@id":"https:\/\/freeman-freeman.com\/#\/schema\/logo\/image\/"},"sameAs":["https:\/\/www.facebook.com\/FreemanFreemanLaw","https:\/\/x.com\/FreemanFreeman1","https:\/\/www.linkedin.com\/company\/freeman-freeman-llp"]},{"@type":"Person","@id":"https:\/\/freeman-freeman.com\/#\/schema\/person\/ae745f3991c4106b46c1f1742b117549","name":"Stan H. Freeman","image":{"@type":"ImageObject","inLanguage":"es","@id":"https:\/\/secure.gravatar.com\/avatar\/541b0865d38c48d039c25e0dcabc7914e9de423e4bf283b105f0255dde8ff361?s=96&d=mm&r=g","url":"https:\/\/secure.gravatar.com\/avatar\/541b0865d38c48d039c25e0dcabc7914e9de423e4bf283b105f0255dde8ff361?s=96&d=mm&r=g","contentUrl":"https:\/\/secure.gravatar.com\/avatar\/541b0865d38c48d039c25e0dcabc7914e9de423e4bf283b105f0255dde8ff361?s=96&d=mm&r=g","caption":"Stan H. Freeman"},"description":"Stan H. Freeman es socio de Freeman &amp; Freeman, LLP en Woodland Hills, California, donde ha ejercido como abogado especializado en lesiones personales durante m\u00e1s de cuatro d\u00e9cadas. Es socio del bufete desde 1980. El Sr. Freeman fue admitido en el Colegio de Abogados de California en 1975 tras obtener su t\u00edtulo de Juris Doctor en la Facultad de Derecho de la Universidad Southwestern. Se dedica a representar a personas lesionadas y aporta su dilatada experiencia y su sensatez a los asuntos relacionados con lesiones personales.","sameAs":["https:\/\/freeman-freeman.com\/about\/freeman-stan-h\/","https:\/\/www.avvo.com\/attorneys\/91367-ca-stanley-freeman-315310.html","https:\/\/www.experience.com\/reviews\/stanley-18227356","https:\/\/www.martindale.com\/attorney\/stanley-hal-freeman-286533\/","https:\/\/apps.calbar.ca.gov\/attorney\/Licensee\/Detail\/65760","https:\/\/profiles.superlawyers.com\/california\/woodland-hills\/lawyer\/stan-h-freeman\/6f18c3c1-3ae6-4d1c-beb2-08e14c97d73a.html#:~:text=AttorneyStanH.,bicyclepedestrianandbusaccidents.","https:\/\/lawlink.com\/profile\/11228\/stan-h-freeman","https:\/\/lawyers.findlaw.com\/profile\/view\/3659872_1","https:\/\/www.hg.org\/lawyer\/stan-freeman\/111598","https:\/\/california.statelawyers.com\/Lawyer\/Profile.cfm?AttorneyID=75734"],"url":"https:\/\/freeman-freeman.com\/es\/blog\/author\/stan-h-freeman\/"}]}},"_links":{"self":[{"href":"https:\/\/freeman-freeman.com\/es\/wp-json\/wp\/v2\/posts\/984","targetHints":{"allow":["GET"]}}],"collection":[{"href":"https:\/\/freeman-freeman.com\/es\/wp-json\/wp\/v2\/posts"}],"about":[{"href":"https:\/\/freeman-freeman.com\/es\/wp-json\/wp\/v2\/types\/post"}],"author":[{"embeddable":true,"href":"https:\/\/freeman-freeman.com\/es\/wp-json\/wp\/v2\/users\/1"}],"replies":[{"embeddable":true,"href":"https:\/\/freeman-freeman.com\/es\/wp-json\/wp\/v2\/comments?post=984"}],"version-history":[{"count":2,"href":"https:\/\/freeman-freeman.com\/es\/wp-json\/wp\/v2\/posts\/984\/revisions"}],"predecessor-version":[{"id":994,"href":"https:\/\/freeman-freeman.com\/es\/wp-json\/wp\/v2\/posts\/984\/revisions\/994"}],"wp:featuredmedia":[{"embeddable":true,"href":"https:\/\/freeman-freeman.com\/es\/wp-json\/wp\/v2\/media\/991"}],"wp:attachment":[{"href":"https:\/\/freeman-freeman.com\/es\/wp-json\/wp\/v2\/media?parent=984"}],"wp:term":[{"taxonomy":"category","embeddable":true,"href":"https:\/\/freeman-freeman.com\/es\/wp-json\/wp\/v2\/categories?post=984"},{"taxonomy":"post_tag","embeddable":true,"href":"https:\/\/freeman-freeman.com\/es\/wp-json\/wp\/v2\/tags?post=984"}],"curies":[{"name":"wp","href":"https:\/\/api.w.org\/{rel}","templated":true}]}}